{"id":434,"date":"2024-02-13T12:12:18","date_gmt":"2024-02-13T12:12:18","guid":{"rendered":"https:\/\/feeldouro.com\/?p=434"},"modified":"2026-01-05T09:38:29","modified_gmt":"2026-01-05T09:38:29","slug":"porto-ao-por-do-sol-um-passeio-de-barco-com-vinho-do-porto-e-musica","status":"publish","type":"post","link":"https:\/\/feeldouro.com\/en\/porto-ao-por-do-sol-um-passeio-de-barco-com-vinho-do-porto-e-musica\/","title":{"rendered":"Porto ao P\u00f4r do Sol: Um passeio de barco com vinho do Porto e m\u00fasica"},"content":{"rendered":"\t\t<div data-elementor-type=\"wp-post\" data-elementor-id=\"434\" class=\"elementor elementor-434\" data-elementor-post-type=\"post\">\n\t\t\t\t<div class=\"elementor-element elementor-element-34c13f49 e-flex e-con-boxed e-con e-parent\" data-id=\"34c13f49\" data-element_type=\"container\" data-e-type=\"container\">\n\t\t\t\t\t<div class=\"e-con-inner\">\n\t\t\t\t<div class=\"elementor-element elementor-element-570a9d45 elementor-widget elementor-widget-text-editor\" data-id=\"570a9d45\" data-element_type=\"widget\" data-e-type=\"widget\" data-widget_type=\"text-editor.default\">\n\t\t\t\t<div class=\"elementor-widget-container\">\n\t\t\t\t\t\t\t\t\t<p><span style=\"font-weight: 400;\">O Porto \u00e9 uma cidade vibrante, mas \u00e9 ainda mais surpreende quando vista do rio. Um passeio de barco ao p\u00f4r do sol oferece uma experi\u00eancia \u00fanica: o p\u00f4r do sol transforma a cidade num cen\u00e1rio de cores e luzes que vai querer eternizar.<\/span><\/p><p><span style=\"font-weight: 400;\">Imagine-se a bordo de um barco, com um copo de vinho do Porto que \u00e9 acompanhado por um concerto intimista. Um cen\u00e1rio digno de um filme para uma experi\u00eancia inesquec\u00edvel num tom rom\u00e2ntico ou descontra\u00eddo com amigos.<\/span><\/p><p><span style=\"font-weight: 400;\">Este tipo de passeio permite explorar a cidade de forma tranquila, desde a Foz do Douro at\u00e9 \u00e0 Ribeira, captando os detalhes das ruas, telhados e monumentos que fazem do Porto (e de Vila Nova de Gaia) um lugar especial. Cada instante \u00e9 uma oportunidade de criar mem\u00f3rias \u00fanicas e sentir a cidade de dentro para fora.<\/span><\/p><p><span style=\"font-weight: 400;\">Al\u00e9m de um concerto intimista, pode tamb\u00e9m personalizar o seu passeio com uma refei\u00e7\u00e3o a bordo ou com um desembarque em plena zona hist\u00f3rica, para um jantar e prova de vinhos numas das mais ic\u00f3nicas caves de vinho do Porto.<\/span><\/p><p><span style=\"font-weight: 400;\">Viva o Porto de uma forma exclusiva: embarque num passeio de barco ao p\u00f4r do sol com vinho do Porto e m\u00fasica a bordo.\u00a0<\/span><\/p>\t\t\t\t\t\t\t\t<\/div>\n\t\t\t\t<\/div>\n\t\t\t\t<div class=\"elementor-element elementor-element-874e57e elementor-align-left elementor-widget__width-initial elementor-mobile-align-center elementor-widget elementor-widget-button\" data-id=\"874e57e\" data-element_type=\"widget\" data-e-type=\"widget\" data-widget_type=\"button.default\">\n\t\t\t\t<div class=\"elementor-widget-container\">\n\t\t\t\t\t\t\t\t\t<div class=\"elementor-button-wrapper\">\n\t\t\t\t\t<a class=\"elementor-button elementor-button-link elementor-size-sm\" href=\"\/passeios-no-porto\/sunset-porto\/\">\n\t\t\t\t\t\t<span class=\"elementor-button-content-wrapper\">\n\t\t\t\t\t\t\t\t\t<span class=\"elementor-button-text\">SAIBA MAIS<\/span>\n\t\t\t\t\t<\/span>\n\t\t\t\t\t<\/a>\n\t\t\t\t<\/div>\n\t\t\t\t\t\t\t\t<\/div>\n\t\t\t\t<\/div>\n\t\t\t\t\t<\/div>\n\t\t\t\t<\/div>\n\t\t\t\t<\/div>\n\t\t","protected":false},"excerpt":{"rendered":"<p>O Porto \u00e9 uma cidade vibrante, mas \u00e9 ainda mais surpreende quando vista do rio. Um passeio de barco ao p\u00f4r do sol oferece uma experi\u00eancia \u00fanica: o p\u00f4r do sol transforma a cidade num cen\u00e1rio de cores e luzes que vai querer eternizar. Imagine-se a bordo de um barco, com um copo de vinho [&hellip;]<\/p>\n","protected":false},"author":1,"featured_media":2649,"comment_status":"open","ping_status":"open","sticky":false,"template":"","format":"standard","meta":{"footnotes":""},"categories":[1],"tags":[],"class_list":["post-434","post","type-post","status-publish","format-standard","has-post-thumbnail","hentry","category-sem-categoria"],"yoast_head":"<!-- This site is optimized with the Yoast SEO plugin v27.3 - https:\/\/yoast.com\/product\/yoast-seo-wordpress\/ -->\n<title>Porto ao P\u00f4r do Sol: Passeio de Barco com Vinho<\/title>\n<meta name=\"description\" content=\"Descubra Porto de uma perspetiva \u00fanica: passeio de barco ao p\u00f4r do sol com m\u00fasica e vinho do Porto. Momentos inesquec\u00edveis garantidos.\" \/>\n<meta name=\"robots\" content=\"index, follow, max-snippet:-1, max-image-preview:large, max-video-preview:-1\" \/>\n<link rel=\"canonical\" href=\"https:\/\/feeldouro.com\/porto-ao-por-do-sol-um-passeio-de-barco-com-vinho-do-porto-e-musica\/\" \/>\n<meta property=\"og:locale\" content=\"en_US\" \/>\n<meta property=\"og:type\" content=\"article\" \/>\n<meta property=\"og:title\" content=\"Porto ao P\u00f4r do Sol: Passeio de Barco com Vinho\" \/>\n<meta property=\"og:description\" content=\"Veja Porto como nunca viu antes: ao p\u00f4r do sol, com m\u00fasica e um copo de vinho do Porto na m\u00e3o.\" \/>\n<meta property=\"og:url\" content=\"https:\/\/feeldouro.com\/porto-ao-por-do-sol-um-passeio-de-barco-com-vinho-do-porto-e-musica\/\" \/>\n<meta property=\"og:site_name\" content=\"FeelDouro\" \/>\n<meta property=\"article:published_time\" content=\"2024-02-13T12:12:18+00:00\" \/>\n<meta property=\"article:modified_time\" content=\"2026-01-05T09:38:29+00:00\" \/>\n<meta property=\"og:image\" content=\"https:\/\/feeldouro.com\/wp-content\/uploads\/2025\/12\/BBD_FD_Web_38.jpg\" \/>\n\t<meta property=\"og:image:width\" content=\"2000\" \/>\n\t<meta property=\"og:image:height\" content=\"1333\" \/>\n\t<meta property=\"og:image:type\" content=\"image\/jpeg\" \/>\n<meta name=\"author\" content=\"master\" \/>\n<meta name=\"twitter:card\" content=\"summary_large_image\" \/>\n<meta name=\"twitter:label1\" content=\"Written by\" \/>\n\t<meta name=\"twitter:data1\" content=\"master\" \/>\n\t<meta name=\"twitter:label2\" content=\"Est. reading time\" \/>\n\t<meta name=\"twitter:data2\" content=\"2 minutes\" \/>\n<script type=\"application\/ld+json\" class=\"yoast-schema-graph\">{\"@context\":\"https:\\\/\\\/schema.org\",\"@graph\":[{\"@type\":\"Article\",\"@id\":\"https:\\\/\\\/feeldouro.com\\\/porto-ao-por-do-sol-um-passeio-de-barco-com-vinho-do-porto-e-musica\\\/#article\",\"isPartOf\":{\"@id\":\"https:\\\/\\\/feeldouro.com\\\/porto-ao-por-do-sol-um-passeio-de-barco-com-vinho-do-porto-e-musica\\\/\"},\"author\":{\"name\":\"master\",\"@id\":\"https:\\\/\\\/feeldouro.com\\\/#\\\/schema\\\/person\\\/d80d9e4f673aa379fd0317c55c2bd10f\"},\"headline\":\"Porto ao P\u00f4r do Sol: Um passeio de barco com vinho do Porto e m\u00fasica\",\"datePublished\":\"2024-02-13T12:12:18+00:00\",\"dateModified\":\"2026-01-05T09:38:29+00:00\",\"mainEntityOfPage\":{\"@id\":\"https:\\\/\\\/feeldouro.com\\\/porto-ao-por-do-sol-um-passeio-de-barco-com-vinho-do-porto-e-musica\\\/\"},\"wordCount\":233,\"commentCount\":0,\"publisher\":{\"@id\":\"https:\\\/\\\/feeldouro.com\\\/#organization\"},\"image\":{\"@id\":\"https:\\\/\\\/feeldouro.com\\\/porto-ao-por-do-sol-um-passeio-de-barco-com-vinho-do-porto-e-musica\\\/#primaryimage\"},\"thumbnailUrl\":\"https:\\\/\\\/feeldouro.com\\\/wp-content\\\/uploads\\\/2025\\\/12\\\/BBD_FD_Web_38.jpg\",\"articleSection\":[\"Sem categoria\"],\"inLanguage\":\"en-US\",\"potentialAction\":[{\"@type\":\"CommentAction\",\"name\":\"Comment\",\"target\":[\"https:\\\/\\\/feeldouro.com\\\/porto-ao-por-do-sol-um-passeio-de-barco-com-vinho-do-porto-e-musica\\\/#respond\"]}]},{\"@type\":\"WebPage\",\"@id\":\"https:\\\/\\\/feeldouro.com\\\/porto-ao-por-do-sol-um-passeio-de-barco-com-vinho-do-porto-e-musica\\\/\",\"url\":\"https:\\\/\\\/feeldouro.com\\\/porto-ao-por-do-sol-um-passeio-de-barco-com-vinho-do-porto-e-musica\\\/\",\"name\":\"Porto ao P\u00f4r do Sol: Passeio de Barco com Vinho\",\"isPartOf\":{\"@id\":\"https:\\\/\\\/feeldouro.com\\\/#website\"},\"primaryImageOfPage\":{\"@id\":\"https:\\\/\\\/feeldouro.com\\\/porto-ao-por-do-sol-um-passeio-de-barco-com-vinho-do-porto-e-musica\\\/#primaryimage\"},\"image\":{\"@id\":\"https:\\\/\\\/feeldouro.com\\\/porto-ao-por-do-sol-um-passeio-de-barco-com-vinho-do-porto-e-musica\\\/#primaryimage\"},\"thumbnailUrl\":\"https:\\\/\\\/feeldouro.com\\\/wp-content\\\/uploads\\\/2025\\\/12\\\/BBD_FD_Web_38.jpg\",\"datePublished\":\"2024-02-13T12:12:18+00:00\",\"dateModified\":\"2026-01-05T09:38:29+00:00\",\"description\":\"Descubra Porto de uma perspetiva \u00fanica: passeio de barco ao p\u00f4r do sol com m\u00fasica e vinho do Porto. Momentos inesquec\u00edveis garantidos.\",\"breadcrumb\":{\"@id\":\"https:\\\/\\\/feeldouro.com\\\/porto-ao-por-do-sol-um-passeio-de-barco-com-vinho-do-porto-e-musica\\\/#breadcrumb\"},\"inLanguage\":\"en-US\",\"potentialAction\":[{\"@type\":\"ReadAction\",\"target\":[\"https:\\\/\\\/feeldouro.com\\\/porto-ao-por-do-sol-um-passeio-de-barco-com-vinho-do-porto-e-musica\\\/\"]}]},{\"@type\":\"ImageObject\",\"inLanguage\":\"en-US\",\"@id\":\"https:\\\/\\\/feeldouro.com\\\/porto-ao-por-do-sol-um-passeio-de-barco-com-vinho-do-porto-e-musica\\\/#primaryimage\",\"url\":\"https:\\\/\\\/feeldouro.com\\\/wp-content\\\/uploads\\\/2025\\\/12\\\/BBD_FD_Web_38.jpg\",\"contentUrl\":\"https:\\\/\\\/feeldouro.com\\\/wp-content\\\/uploads\\\/2025\\\/12\\\/BBD_FD_Web_38.jpg\",\"width\":2000,\"height\":1333},{\"@type\":\"BreadcrumbList\",\"@id\":\"https:\\\/\\\/feeldouro.com\\\/porto-ao-por-do-sol-um-passeio-de-barco-com-vinho-do-porto-e-musica\\\/#breadcrumb\",\"itemListElement\":[{\"@type\":\"ListItem\",\"position\":1,\"name\":\"In\u00edcio\",\"item\":\"https:\\\/\\\/feeldouro.com\\\/\"},{\"@type\":\"ListItem\",\"position\":2,\"name\":\"Porto ao P\u00f4r do Sol: Um passeio de barco com vinho do Porto e m\u00fasica\"}]},{\"@type\":\"WebSite\",\"@id\":\"https:\\\/\\\/feeldouro.com\\\/#website\",\"url\":\"https:\\\/\\\/feeldouro.com\\\/\",\"name\":\"FeelDouro\",\"description\":\"\",\"publisher\":{\"@id\":\"https:\\\/\\\/feeldouro.com\\\/#organization\"},\"potentialAction\":[{\"@type\":\"SearchAction\",\"target\":{\"@type\":\"EntryPoint\",\"urlTemplate\":\"https:\\\/\\\/feeldouro.com\\\/?s={search_term_string}\"},\"query-input\":{\"@type\":\"PropertyValueSpecification\",\"valueRequired\":true,\"valueName\":\"search_term_string\"}}],\"inLanguage\":\"en-US\"},{\"@type\":\"Organization\",\"@id\":\"https:\\\/\\\/feeldouro.com\\\/#organization\",\"name\":\"FeelDouro\",\"url\":\"https:\\\/\\\/feeldouro.com\\\/\",\"logo\":{\"@type\":\"ImageObject\",\"inLanguage\":\"en-US\",\"@id\":\"https:\\\/\\\/feeldouro.com\\\/#\\\/schema\\\/logo\\\/image\\\/\",\"url\":\"https:\\\/\\\/feeldouro.com\\\/wp-content\\\/uploads\\\/2025\\\/06\\\/FD_NavyBBDouro-306w.webp\",\"contentUrl\":\"https:\\\/\\\/feeldouro.com\\\/wp-content\\\/uploads\\\/2025\\\/06\\\/FD_NavyBBDouro-306w.webp\",\"width\":310,\"height\":64,\"caption\":\"FeelDouro\"},\"image\":{\"@id\":\"https:\\\/\\\/feeldouro.com\\\/#\\\/schema\\\/logo\\\/image\\\/\"}},{\"@type\":\"Person\",\"@id\":\"https:\\\/\\\/feeldouro.com\\\/#\\\/schema\\\/person\\\/d80d9e4f673aa379fd0317c55c2bd10f\",\"name\":\"master\",\"image\":{\"@type\":\"ImageObject\",\"inLanguage\":\"en-US\",\"@id\":\"https:\\\/\\\/secure.gravatar.com\\\/avatar\\\/7bb03eb4f12f9181edab20be17f0576353a096fec16b60ef6c49c5f7ad1208cc?s=96&d=mm&r=g\",\"url\":\"https:\\\/\\\/secure.gravatar.com\\\/avatar\\\/7bb03eb4f12f9181edab20be17f0576353a096fec16b60ef6c49c5f7ad1208cc?s=96&d=mm&r=g\",\"contentUrl\":\"https:\\\/\\\/secure.gravatar.com\\\/avatar\\\/7bb03eb4f12f9181edab20be17f0576353a096fec16b60ef6c49c5f7ad1208cc?s=96&d=mm&r=g\",\"caption\":\"master\"},\"sameAs\":[\"https:\\\/\\\/feeldouro.com\"],\"url\":\"https:\\\/\\\/feeldouro.com\\\/en\\\/author\\\/master\\\/\"}]}<\/script>\n<!-- \/ Yoast SEO plugin. -->","yoast_head_json":{"title":"Porto ao P\u00f4r do Sol: Passeio de Barco com Vinho","description":"Descubra Porto de uma perspetiva \u00fanica: passeio de barco ao p\u00f4r do sol com m\u00fasica e vinho do Porto. Momentos inesquec\u00edveis garantidos.","robots":{"index":"index","follow":"follow","max-snippet":"max-snippet:-1","max-image-preview":"max-image-preview:large","max-video-preview":"max-video-preview:-1"},"canonical":"https:\/\/feeldouro.com\/porto-ao-por-do-sol-um-passeio-de-barco-com-vinho-do-porto-e-musica\/","og_locale":"en_US","og_type":"article","og_title":"Porto ao P\u00f4r do Sol: Passeio de Barco com Vinho","og_description":"Veja Porto como nunca viu antes: ao p\u00f4r do sol, com m\u00fasica e um copo de vinho do Porto na m\u00e3o.","og_url":"https:\/\/feeldouro.com\/porto-ao-por-do-sol-um-passeio-de-barco-com-vinho-do-porto-e-musica\/","og_site_name":"FeelDouro","article_published_time":"2024-02-13T12:12:18+00:00","article_modified_time":"2026-01-05T09:38:29+00:00","og_image":[{"width":2000,"height":1333,"url":"https:\/\/feeldouro.com\/wp-content\/uploads\/2025\/12\/BBD_FD_Web_38.jpg","type":"image\/jpeg"}],"author":"master","twitter_card":"summary_large_image","twitter_misc":{"Written by":"master","Est. reading time":"2 minutes"},"schema":{"@context":"https:\/\/schema.org","@graph":[{"@type":"Article","@id":"https:\/\/feeldouro.com\/porto-ao-por-do-sol-um-passeio-de-barco-com-vinho-do-porto-e-musica\/#article","isPartOf":{"@id":"https:\/\/feeldouro.com\/porto-ao-por-do-sol-um-passeio-de-barco-com-vinho-do-porto-e-musica\/"},"author":{"name":"master","@id":"https:\/\/feeldouro.com\/#\/schema\/person\/d80d9e4f673aa379fd0317c55c2bd10f"},"headline":"Porto ao P\u00f4r do Sol: Um passeio de barco com vinho do Porto e m\u00fasica","datePublished":"2024-02-13T12:12:18+00:00","dateModified":"2026-01-05T09:38:29+00:00","mainEntityOfPage":{"@id":"https:\/\/feeldouro.com\/porto-ao-por-do-sol-um-passeio-de-barco-com-vinho-do-porto-e-musica\/"},"wordCount":233,"commentCount":0,"publisher":{"@id":"https:\/\/feeldouro.com\/#organization"},"image":{"@id":"https:\/\/feeldouro.com\/porto-ao-por-do-sol-um-passeio-de-barco-com-vinho-do-porto-e-musica\/#primaryimage"},"thumbnailUrl":"https:\/\/feeldouro.com\/wp-content\/uploads\/2025\/12\/BBD_FD_Web_38.jpg","articleSection":["Sem categoria"],"inLanguage":"en-US","potentialAction":[{"@type":"CommentAction","name":"Comment","target":["https:\/\/feeldouro.com\/porto-ao-por-do-sol-um-passeio-de-barco-com-vinho-do-porto-e-musica\/#respond"]}]},{"@type":"WebPage","@id":"https:\/\/feeldouro.com\/porto-ao-por-do-sol-um-passeio-de-barco-com-vinho-do-porto-e-musica\/","url":"https:\/\/feeldouro.com\/porto-ao-por-do-sol-um-passeio-de-barco-com-vinho-do-porto-e-musica\/","name":"Porto ao P\u00f4r do Sol: Passeio de Barco com Vinho","isPartOf":{"@id":"https:\/\/feeldouro.com\/#website"},"primaryImageOfPage":{"@id":"https:\/\/feeldouro.com\/porto-ao-por-do-sol-um-passeio-de-barco-com-vinho-do-porto-e-musica\/#primaryimage"},"image":{"@id":"https:\/\/feeldouro.com\/porto-ao-por-do-sol-um-passeio-de-barco-com-vinho-do-porto-e-musica\/#primaryimage"},"thumbnailUrl":"https:\/\/feeldouro.com\/wp-content\/uploads\/2025\/12\/BBD_FD_Web_38.jpg","datePublished":"2024-02-13T12:12:18+00:00","dateModified":"2026-01-05T09:38:29+00:00","description":"Descubra Porto de uma perspetiva \u00fanica: passeio de barco ao p\u00f4r do sol com m\u00fasica e vinho do Porto. Momentos inesquec\u00edveis garantidos.","breadcrumb":{"@id":"https:\/\/feeldouro.com\/porto-ao-por-do-sol-um-passeio-de-barco-com-vinho-do-porto-e-musica\/#breadcrumb"},"inLanguage":"en-US","potentialAction":[{"@type":"ReadAction","target":["https:\/\/feeldouro.com\/porto-ao-por-do-sol-um-passeio-de-barco-com-vinho-do-porto-e-musica\/"]}]},{"@type":"ImageObject","inLanguage":"en-US","@id":"https:\/\/feeldouro.com\/porto-ao-por-do-sol-um-passeio-de-barco-com-vinho-do-porto-e-musica\/#primaryimage","url":"https:\/\/feeldouro.com\/wp-content\/uploads\/2025\/12\/BBD_FD_Web_38.jpg","contentUrl":"https:\/\/feeldouro.com\/wp-content\/uploads\/2025\/12\/BBD_FD_Web_38.jpg","width":2000,"height":1333},{"@type":"BreadcrumbList","@id":"https:\/\/feeldouro.com\/porto-ao-por-do-sol-um-passeio-de-barco-com-vinho-do-porto-e-musica\/#breadcrumb","itemListElement":[{"@type":"ListItem","position":1,"name":"In\u00edcio","item":"https:\/\/feeldouro.com\/"},{"@type":"ListItem","position":2,"name":"Porto ao P\u00f4r do Sol: Um passeio de barco com vinho do Porto e m\u00fasica"}]},{"@type":"WebSite","@id":"https:\/\/feeldouro.com\/#website","url":"https:\/\/feeldouro.com\/","name":"FeelDouro","description":"","publisher":{"@id":"https:\/\/feeldouro.com\/#organization"},"potentialAction":[{"@type":"SearchAction","target":{"@type":"EntryPoint","urlTemplate":"https:\/\/feeldouro.com\/?s={search_term_string}"},"query-input":{"@type":"PropertyValueSpecification","valueRequired":true,"valueName":"search_term_string"}}],"inLanguage":"en-US"},{"@type":"Organization","@id":"https:\/\/feeldouro.com\/#organization","name":"FeelDouro","url":"https:\/\/feeldouro.com\/","logo":{"@type":"ImageObject","inLanguage":"en-US","@id":"https:\/\/feeldouro.com\/#\/schema\/logo\/image\/","url":"https:\/\/feeldouro.com\/wp-content\/uploads\/2025\/06\/FD_NavyBBDouro-306w.webp","contentUrl":"https:\/\/feeldouro.com\/wp-content\/uploads\/2025\/06\/FD_NavyBBDouro-306w.webp","width":310,"height":64,"caption":"FeelDouro"},"image":{"@id":"https:\/\/feeldouro.com\/#\/schema\/logo\/image\/"}},{"@type":"Person","@id":"https:\/\/feeldouro.com\/#\/schema\/person\/d80d9e4f673aa379fd0317c55c2bd10f","name":"master","image":{"@type":"ImageObject","inLanguage":"en-US","@id":"https:\/\/secure.gravatar.com\/avatar\/7bb03eb4f12f9181edab20be17f0576353a096fec16b60ef6c49c5f7ad1208cc?s=96&d=mm&r=g","url":"https:\/\/secure.gravatar.com\/avatar\/7bb03eb4f12f9181edab20be17f0576353a096fec16b60ef6c49c5f7ad1208cc?s=96&d=mm&r=g","contentUrl":"https:\/\/secure.gravatar.com\/avatar\/7bb03eb4f12f9181edab20be17f0576353a096fec16b60ef6c49c5f7ad1208cc?s=96&d=mm&r=g","caption":"master"},"sameAs":["https:\/\/feeldouro.com"],"url":"https:\/\/feeldouro.com\/en\/author\/master\/"}]}},"_links":{"self":[{"href":"https:\/\/feeldouro.com\/en\/wp-json\/wp\/v2\/posts\/434","targetHints":{"allow":["GET"]}}],"collection":[{"href":"https:\/\/feeldouro.com\/en\/wp-json\/wp\/v2\/posts"}],"about":[{"href":"https:\/\/feeldouro.com\/en\/wp-json\/wp\/v2\/types\/post"}],"author":[{"embeddable":true,"href":"https:\/\/feeldouro.com\/en\/wp-json\/wp\/v2\/users\/1"}],"replies":[{"embeddable":true,"href":"https:\/\/feeldouro.com\/en\/wp-json\/wp\/v2\/comments?post=434"}],"version-history":[{"count":11,"href":"https:\/\/feeldouro.com\/en\/wp-json\/wp\/v2\/posts\/434\/revisions"}],"predecessor-version":[{"id":2853,"href":"https:\/\/feeldouro.com\/en\/wp-json\/wp\/v2\/posts\/434\/revisions\/2853"}],"wp:featuredmedia":[{"embeddable":true,"href":"https:\/\/feeldouro.com\/en\/wp-json\/wp\/v2\/media\/2649"}],"wp:attachment":[{"href":"https:\/\/feeldouro.com\/en\/wp-json\/wp\/v2\/media?parent=434"}],"wp:term":[{"taxonomy":"category","embeddable":true,"href":"https:\/\/feeldouro.com\/en\/wp-json\/wp\/v2\/categories?post=434"},{"taxonomy":"post_tag","embeddable":true,"href":"https:\/\/feeldouro.com\/en\/wp-json\/wp\/v2\/tags?post=434"}],"curies":[{"name":"wp","href":"https:\/\/api.w.org\/{rel}","templated":true}]}}